{"id":1838,"date":"2025-02-06T18:53:13","date_gmt":"2025-02-06T18:53:13","guid":{"rendered":"https:\/\/sasuudad.ee\/?p=1838"},"modified":"2026-09-04T12:00:44","modified_gmt":"2026-09-04T12:00:44","slug":"aastatulija","status":"publish","type":"post","link":"https:\/\/sasuudad.ee\/en\/aastatulija\/","title":{"rendered":"MT\u00dc Sa Suudad p\u00e4lvis kodaniku\u00fchiskonna &#8220;Aasta tulija&#8221; tiitli"},"content":{"rendered":"<p class=\"wp-block-paragraph\">5. veebruaril 2025 toimus Toompeal R\u00fc\u00fctelkonna hoones kodaniku\u00fchiskonna tegijate tunnustamis\u00fcritus, kus Eesti Vabariigi president Alar Karis andis \u00fcle auhinnad kodaniku\u00fchiskonna silmapaistvatele panustajatele. Tunnustuse p\u00e4lvis ka <strong>NGO You Can<\/strong>: nende asutaja ja juhatuse liige <strong><a href=\"https:\/\/sasuudad.ee\/en\/enelis\/\">Enelis in the City<\/a><\/strong> v\u00f5ttis vastu <strong>&#8220;Aasta tulija&#8221;<\/strong> tiitli.<\/p>\n\n\n\n<p class=\"wp-block-paragraph translation-block\">Tunnustust sisse juhatades s\u00f5nas Vaba\u00fchenduste Liidu juhataja Triin Toomesaar:<br><em>\u201eKuigi loodud alles 2024. aastal, on MT\u00dc Sa Suudad juba m\u00e4rkimisv\u00e4\u00e4rse j\u00e4lje j\u00e4tnud, andes h\u00e4\u00e4le noortele, kellel on v\u00f5i on olnud k\u00f5rge riskik\u00e4itumine, aidates seel\u00e4bi muuta haridus-, sotsiaal- ning \u00f5iguss\u00fcsteemi noortes\u00f5bralikumaks. \u00dchingu kaudu on noored saanud oma keerulistest kogemustest ja nende algp\u00f5hjusest r\u00e4\u00e4kida ning anda t\u00e4iskasvanutele soovitusi, kuidas noorte jaoks paremini olemas olla.\u201c<\/em><\/p>\n\n\n\n<figure class=\"wp-block-image size-large\"><img loading=\"lazy\" decoding=\"async\" width=\"1024\" height=\"683\" src=\"https:\/\/sasuudad.ee\/wp-content\/uploads\/2025\/02\/54309038675_359dd788cb_k-1024x683.jpg\" alt=\"Kodaniku\u00fchiskonna aasta tegijad 2024\" class=\"wp-image-1818\" srcset=\"https:\/\/sasuudad.ee\/wp-content\/uploads\/2025\/02\/54309038675_359dd788cb_k-1024x683.jpg 1024w, https:\/\/sasuudad.ee\/wp-content\/uploads\/2025\/02\/54309038675_359dd788cb_k-300x200.jpg 300w, https:\/\/sasuudad.ee\/wp-content\/uploads\/2025\/02\/54309038675_359dd788cb_k-768x512.jpg 768w, https:\/\/sasuudad.ee\/wp-content\/uploads\/2025\/02\/54309038675_359dd788cb_k-1536x1024.jpg 1536w, https:\/\/sasuudad.ee\/wp-content\/uploads\/2025\/02\/54309038675_359dd788cb_k-18x12.jpg 18w, https:\/\/sasuudad.ee\/wp-content\/uploads\/2025\/02\/54309038675_359dd788cb_k-930x620.jpg 930w, https:\/\/sasuudad.ee\/wp-content\/uploads\/2025\/02\/54309038675_359dd788cb_k.jpg 2048w\" sizes=\"auto, (max-width: 1024px) 100vw, 1024px\" \/><figcaption class=\"wp-element-caption\">Foto: Raigo Pajula<\/figcaption><\/figure>\n\n\n\n<p class=\"wp-block-paragraph translation-block\"><strong>MT\u00dc Sa Suudad<\/strong> on tegutsenud sihikindlalt, et suurendada \u00fchiskonnas teadlikkust ja m\u00f5istmist noorte keerulistest kogemustest ning pakkuda neile toetust ja v\u00f5imalusi, mida nad vajavad parema tuleviku loomiseks. Tunnustus \u201eAasta tulija\u201c n\u00e4itab, et organisatsiooni l\u00fchike, ent sisukas tegutsemisaeg on juba hakanud vilja kandma.<br><br>Enelis s\u00f5nas tunnustuse p\u00e4lvimise kohta j\u00e4rgmist: \u201cViimane aasta on olnud v\u00e4ga eriline. Olen saanud t\u00e4ita oma unistuse, mille m\u00f5te sai alguse rohkem kui 10 aastat tagasi, luua MT\u00dc aitamaks n\u00fcgida muutusi \u00fchiskonnas.<br>Mittetulundus\u00fchingut ei ole v\u00f5imalik minu meelest k\u00e4ivitada kui sul ei ole k\u00f5rval \u00f5igeid inimesi ja seda, et need inimesed on n\u00f5us ja motiveeritud panustama oma kiirest ja vabast ajast segasel teekonnal, kus k\u00f5ik kiiresti areneb ja m\u00f5tteid on rohkem kui j\u00f5uab \u00e4ra teha.<br>Olen s\u00fcdamep\u00f5hjani liigutatud kui armsad, toetavad ja abivalmid inimesed tegelikult v\u00f5ivad olla. Ait\u00e4h igale \u00fchele teist, kes on panustanud sellesse, et MT\u00dc saaks loodud, et see saaks start-up viisil kasvada ning areneda.<br>K\u00f5ige suurem t\u00e4nuavaldus on mul aga noortele! Noortele, kellel ei ole olnud elus lihtne, keda paljud t\u00e4iskasvanud on alt vedanud, kuid te olete mind usaldanud, aidanud sellel MT\u00dc-l p\u00e4riselt ja sisuliselt olla noori kaasav MT\u00dc. Teie sees on selline j\u00f5ud ja tahe panustada sellesse, et teistel noortel v\u00f5iks olla tulevikus parem kui teil oli. Ait\u00e4h! See tunnustus on k\u00f5ikidele teile, kes te olete olnud minuga koos sellel teekonnal! N\u00fc\u00fcd ainult edasi!\u201d<\/p>\n\n\n\n<p class=\"wp-block-paragraph translation-block\">Rohkem infot s\u00fcndmuse kohta leiab siit: <a href=\"https:\/\/www.heakodanik.ee\/uudised\/selgusid-kodanikuuhiskonna-aasta-tegijad-2024\/\" target=\"_self\">Selgusid kodaniku\u00fchiskonna aasta tegijad 2024<\/a><br><br><\/p>","protected":false},"excerpt":{"rendered":"<p>5. veebruaril 2025 toimus Toompeal R\u00fc\u00fctelkonna hoones kodaniku\u00fchiskonna tegijate tunnustamis\u00fcritus, kus Eesti Vabariigi president Alar Karis andis \u00fcle auhinnad kodaniku\u00fchiskonna silmapaistvatele panustajatele. Tunnustuse p\u00e4lvis ka MT\u00dc Sa Suudad: nende asutaja&hellip;&nbsp;<a href=\"https:\/\/sasuudad.ee\/en\/aastatulija\/\" rel=\"bookmark\">Read More &raquo;<span class=\"screen-reader-text\">MT\u00dc Sa Suudad p\u00e4lvis kodaniku\u00fchiskonna &#8220;Aasta tulija&#8221; tiitli<\/span><\/a><\/p>","protected":false},"author":2,"featured_media":1816,"comment_status":"open","ping_status":"open","sticky":false,"template":"","format":"standard","meta":{"_acf_changed":false,"neve_meta_sidebar":"","neve_meta_container":"","neve_meta_enable_content_width":"","neve_meta_content_width":0,"neve_meta_title_alignment":"","neve_meta_author_avatar":"","neve_post_elements_order":"","neve_meta_disable_header":"","neve_meta_disable_footer":"","neve_meta_disable_title":"","_EventAllDay":false,"_EventTimezone":"","_EventStartDate":"","_EventEndDate":"","_EventStartDateUTC":"","_EventEndDateUTC":"","_EventShowMap":false,"_EventShowMapLink":false,"_EventURL":"","_EventCost":"","_EventCostDescription":"","_EventCurrencySymbol":"","_EventCurrencyCode":"","_EventCurrencyPosition":"","_EventDateTimeSeparator":"","_EventTimeRangeSeparator":"","_EventOrganizerID":[],"_EventVenueID":[],"_OrganizerEmail":"","_OrganizerPhone":"","_OrganizerWebsite":"","_VenueAddress":"","_VenueCity":"","_VenueCountry":"","_VenueProvince":"","_VenueState":"","_VenueZip":"","_VenuePhone":"","_VenueURL":"","_VenueStateProvince":"","_VenueLat":"","_VenueLng":"","_VenueShowMap":false,"_VenueShowMapLink":false,"_themeisle_gutenberg_block_has_review":false,"footnotes":""},"categories":[31],"tags":[],"class_list":["post-1838","post","type-post","status-publish","format-standard","has-post-thumbnail","hentry","category-uudis"],"acf":[],"_links":{"self":[{"href":"https:\/\/sasuudad.ee\/en\/wp-json\/wp\/v2\/posts\/1838","targetHints":{"allow":["GET"]}}],"collection":[{"href":"https:\/\/sasuudad.ee\/en\/wp-json\/wp\/v2\/posts"}],"about":[{"href":"https:\/\/sasuudad.ee\/en\/wp-json\/wp\/v2\/types\/post"}],"author":[{"embeddable":true,"href":"https:\/\/sasuudad.ee\/en\/wp-json\/wp\/v2\/users\/2"}],"replies":[{"embeddable":true,"href":"https:\/\/sasuudad.ee\/en\/wp-json\/wp\/v2\/comments?post=1838"}],"version-history":[{"count":7,"href":"https:\/\/sasuudad.ee\/en\/wp-json\/wp\/v2\/posts\/1838\/revisions"}],"predecessor-version":[{"id":4318,"href":"https:\/\/sasuudad.ee\/en\/wp-json\/wp\/v2\/posts\/1838\/revisions\/4318"}],"wp:featuredmedia":[{"embeddable":true,"href":"https:\/\/sasuudad.ee\/en\/wp-json\/wp\/v2\/media\/1816"}],"wp:attachment":[{"href":"https:\/\/sasuudad.ee\/en\/wp-json\/wp\/v2\/media?parent=1838"}],"wp:term":[{"taxonomy":"category","embeddable":true,"href":"https:\/\/sasuudad.ee\/en\/wp-json\/wp\/v2\/categories?post=1838"},{"taxonomy":"post_tag","embeddable":true,"href":"https:\/\/sasuudad.ee\/en\/wp-json\/wp\/v2\/tags?post=1838"}],"curies":[{"name":"wp","href":"https:\/\/api.w.org\/{rel}","templated":true}]}}